{"id":271,"date":"2020-08-02T17:41:09","date_gmt":"2020-08-02T17:41:09","guid":{"rendered":"http:\/\/tomavisual.com\/?p=271"},"modified":"2021-04-02T17:52:54","modified_gmt":"2021-04-02T17:52:54","slug":"campana-quedate-en-casa-covid","status":"publish","type":"post","link":"http:\/\/tomavisual.com\/?p=271","title":{"rendered":"Campa\u00f1a \u00abQu\u00e9date en casa\u00bb COVID"},"content":{"rendered":"<p>&nbsp;<\/p>\n<p>En estos meses dif\u00edciles, participamos en una campa\u00f1a realizada en redes sociales, donde cualquier artista podr\u00eda aportar su granito de arena, para concienciar en respetar las normas y quedarnos en casa.<\/p>\n<p>Spot publicitario con el estilo b-roll.<\/p>\n<p><iframe loading=\"lazy\" title=\"YouTube video player\" src=\"https:\/\/www.youtube.com\/embed\/ib7tFDSwI7A\" width=\"560\" height=\"315\" frameborder=\"0\" allowfullscreen=\"allowfullscreen\"><\/iframe><\/p>\n","protected":false},"excerpt":{"rendered":"<p>&nbsp; En estos meses dif\u00edciles, participamos en una campa\u00f1a realizada en redes sociales, donde cualquier artista podr\u00eda aportar su granito de arena, para concienciar en respetar las normas y quedarnos en casa. Spot publicitario con el estilo b-roll.<\/p>\n","protected":false},"author":1,"featured_media":272,"comment_status":"open","ping_status":"open","sticky":false,"template":"","format":"standard","meta":{"om_disable_all_campaigns":false,"_monsterinsights_skip_tracking":false,"_monsterinsights_sitenote_active":false,"_monsterinsights_sitenote_note":"","_monsterinsights_sitenote_category":0,"_uf_show_specific_survey":0,"_uf_disable_surveys":false,"footnotes":""},"categories":[32],"tags":[34,28,41,42,40,36],"class_list":["post-271","post","type-post","status-publish","format-standard","has-post-thumbnail","hentry","category-video-producto","tag-mercadotecnia","tag-spot-publicitario","tag-tmv","tag-tomas-martin-villanueva","tag-video-de-producto","tag-video-marketing","has-thumbnail"],"yoast_head":"<!-- This site is optimized with the Yoast SEO plugin v26.4 - https:\/\/yoast.com\/wordpress\/plugins\/seo\/ -->\n<title>Campa\u00f1a &quot;Qu\u00e9date en casa&quot; COVID - Tomavisual.com<\/title>\n<meta name=\"robots\" content=\"index, follow, max-snippet:-1, max-image-preview:large, max-video-preview:-1\" \/>\n<link rel=\"canonical\" href=\"http:\/\/tomavisual.com\/?p=271\" \/>\n<meta property=\"og:locale\" content=\"es_ES\" \/>\n<meta property=\"og:type\" content=\"article\" \/>\n<meta property=\"og:title\" content=\"Campa\u00f1a &quot;Qu\u00e9date en casa&quot; COVID - Tomavisual.com\" \/>\n<meta property=\"og:description\" content=\"&nbsp; En estos meses dif\u00edciles, participamos en una campa\u00f1a realizada en redes sociales, donde cualquier artista podr\u00eda aportar su granito de arena, para concienciar en respetar las normas y quedarnos en casa. Spot publicitario con el estilo b-roll.\" \/>\n<meta property=\"og:url\" content=\"http:\/\/tomavisual.com\/?p=271\" \/>\n<meta property=\"og:site_name\" content=\"Tomavisual.com\" \/>\n<meta property=\"article:published_time\" content=\"2020-08-02T17:41:09+00:00\" \/>\n<meta property=\"article:modified_time\" content=\"2021-04-02T17:52:54+00:00\" \/>\n<meta property=\"og:image\" content=\"http:\/\/tomavisual.com\/wp-content\/uploads\/2021\/04\/portada-youtube.jpg\" \/>\n\t<meta property=\"og:image:width\" content=\"1920\" \/>\n\t<meta property=\"og:image:height\" content=\"1080\" \/>\n\t<meta property=\"og:image:type\" content=\"image\/jpeg\" \/>\n<meta name=\"author\" content=\"TMV\" \/>\n<meta name=\"twitter:card\" content=\"summary_large_image\" \/>\n<meta name=\"twitter:label1\" content=\"Escrito por\" \/>\n\t<meta name=\"twitter:data1\" content=\"TMV\" \/>\n\t<meta name=\"twitter:label2\" content=\"Tiempo de lectura\" \/>\n\t<meta name=\"twitter:data2\" content=\"1 minuto\" \/>\n<script type=\"application\/ld+json\" class=\"yoast-schema-graph\">{\"@context\":\"https:\/\/schema.org\",\"@graph\":[{\"@type\":\"Article\",\"@id\":\"http:\/\/tomavisual.com\/?p=271#article\",\"isPartOf\":{\"@id\":\"http:\/\/tomavisual.com\/?p=271\"},\"author\":{\"name\":\"TMV\",\"@id\":\"http:\/\/tomavisual.com\/#\/schema\/person\/e598feabb9e86b7edf86d3b94820bc66\"},\"headline\":\"Campa\u00f1a \u00abQu\u00e9date en casa\u00bb COVID\",\"datePublished\":\"2020-08-02T17:41:09+00:00\",\"dateModified\":\"2021-04-02T17:52:54+00:00\",\"mainEntityOfPage\":{\"@id\":\"http:\/\/tomavisual.com\/?p=271\"},\"wordCount\":48,\"commentCount\":0,\"publisher\":{\"@id\":\"http:\/\/tomavisual.com\/#\/schema\/person\/e598feabb9e86b7edf86d3b94820bc66\"},\"image\":{\"@id\":\"http:\/\/tomavisual.com\/?p=271#primaryimage\"},\"thumbnailUrl\":\"http:\/\/tomavisual.com\/wp-content\/uploads\/2021\/04\/portada-youtube.jpg\",\"keywords\":[\"mercadotecnia\",\"spot publicitario\",\"tmv\",\"Tom\u00e1s Martin Villanueva\",\"video de producto\",\"video marketing\"],\"articleSection\":[\"v\u00eddeo producto\"],\"inLanguage\":\"es\",\"potentialAction\":[{\"@type\":\"CommentAction\",\"name\":\"Comment\",\"target\":[\"http:\/\/tomavisual.com\/?p=271#respond\"]}]},{\"@type\":\"WebPage\",\"@id\":\"http:\/\/tomavisual.com\/?p=271\",\"url\":\"http:\/\/tomavisual.com\/?p=271\",\"name\":\"Campa\u00f1a \\\"Qu\u00e9date en casa\\\" COVID - Tomavisual.com\",\"isPartOf\":{\"@id\":\"http:\/\/tomavisual.com\/#website\"},\"primaryImageOfPage\":{\"@id\":\"http:\/\/tomavisual.com\/?p=271#primaryimage\"},\"image\":{\"@id\":\"http:\/\/tomavisual.com\/?p=271#primaryimage\"},\"thumbnailUrl\":\"http:\/\/tomavisual.com\/wp-content\/uploads\/2021\/04\/portada-youtube.jpg\",\"datePublished\":\"2020-08-02T17:41:09+00:00\",\"dateModified\":\"2021-04-02T17:52:54+00:00\",\"breadcrumb\":{\"@id\":\"http:\/\/tomavisual.com\/?p=271#breadcrumb\"},\"inLanguage\":\"es\",\"potentialAction\":[{\"@type\":\"ReadAction\",\"target\":[\"http:\/\/tomavisual.com\/?p=271\"]}]},{\"@type\":\"ImageObject\",\"inLanguage\":\"es\",\"@id\":\"http:\/\/tomavisual.com\/?p=271#primaryimage\",\"url\":\"http:\/\/tomavisual.com\/wp-content\/uploads\/2021\/04\/portada-youtube.jpg\",\"contentUrl\":\"http:\/\/tomavisual.com\/wp-content\/uploads\/2021\/04\/portada-youtube.jpg\",\"width\":1920,\"height\":1080,\"caption\":\"Video marketing de producto\"},{\"@type\":\"BreadcrumbList\",\"@id\":\"http:\/\/tomavisual.com\/?p=271#breadcrumb\",\"itemListElement\":[{\"@type\":\"ListItem\",\"position\":1,\"name\":\"Portada\",\"item\":\"http:\/\/tomavisual.com\/\"},{\"@type\":\"ListItem\",\"position\":2,\"name\":\"Campa\u00f1a \u00abQu\u00e9date en casa\u00bb COVID\"}]},{\"@type\":\"WebSite\",\"@id\":\"http:\/\/tomavisual.com\/#website\",\"url\":\"http:\/\/tomavisual.com\/\",\"name\":\"Tomavisual.com\",\"description\":\"Publicidad de producto\",\"publisher\":{\"@id\":\"http:\/\/tomavisual.com\/#\/schema\/person\/e598feabb9e86b7edf86d3b94820bc66\"},\"potentialAction\":[{\"@type\":\"SearchAction\",\"target\":{\"@type\":\"EntryPoint\",\"urlTemplate\":\"http:\/\/tomavisual.com\/?s={search_term_string}\"},\"query-input\":{\"@type\":\"PropertyValueSpecification\",\"valueRequired\":true,\"valueName\":\"search_term_string\"}}],\"inLanguage\":\"es\"},{\"@type\":[\"Person\",\"Organization\"],\"@id\":\"http:\/\/tomavisual.com\/#\/schema\/person\/e598feabb9e86b7edf86d3b94820bc66\",\"name\":\"TMV\",\"image\":{\"@type\":\"ImageObject\",\"inLanguage\":\"es\",\"@id\":\"http:\/\/tomavisual.com\/#\/schema\/person\/image\/\",\"url\":\"http:\/\/tomavisual.com\/wp-content\/uploads\/2020\/03\/cropped-LOGO-TOMAVISUAL-negro-new-web-cuadrado-5.png\",\"contentUrl\":\"http:\/\/tomavisual.com\/wp-content\/uploads\/2020\/03\/cropped-LOGO-TOMAVISUAL-negro-new-web-cuadrado-5.png\",\"width\":256,\"height\":262,\"caption\":\"TMV\"},\"logo\":{\"@id\":\"http:\/\/tomavisual.com\/#\/schema\/person\/image\/\"}}]}<\/script>\n<!-- \/ Yoast SEO plugin. -->","yoast_head_json":{"title":"Campa\u00f1a \"Qu\u00e9date en casa\" COVID - Tomavisual.com","robots":{"index":"index","follow":"follow","max-snippet":"max-snippet:-1","max-image-preview":"max-image-preview:large","max-video-preview":"max-video-preview:-1"},"canonical":"http:\/\/tomavisual.com\/?p=271","og_locale":"es_ES","og_type":"article","og_title":"Campa\u00f1a \"Qu\u00e9date en casa\" COVID - Tomavisual.com","og_description":"&nbsp; En estos meses dif\u00edciles, participamos en una campa\u00f1a realizada en redes sociales, donde cualquier artista podr\u00eda aportar su granito de arena, para concienciar en respetar las normas y quedarnos en casa. Spot publicitario con el estilo b-roll.","og_url":"http:\/\/tomavisual.com\/?p=271","og_site_name":"Tomavisual.com","article_published_time":"2020-08-02T17:41:09+00:00","article_modified_time":"2021-04-02T17:52:54+00:00","og_image":[{"width":1920,"height":1080,"url":"http:\/\/tomavisual.com\/wp-content\/uploads\/2021\/04\/portada-youtube.jpg","type":"image\/jpeg"}],"author":"TMV","twitter_card":"summary_large_image","twitter_misc":{"Escrito por":"TMV","Tiempo de lectura":"1 minuto"},"schema":{"@context":"https:\/\/schema.org","@graph":[{"@type":"Article","@id":"http:\/\/tomavisual.com\/?p=271#article","isPartOf":{"@id":"http:\/\/tomavisual.com\/?p=271"},"author":{"name":"TMV","@id":"http:\/\/tomavisual.com\/#\/schema\/person\/e598feabb9e86b7edf86d3b94820bc66"},"headline":"Campa\u00f1a \u00abQu\u00e9date en casa\u00bb COVID","datePublished":"2020-08-02T17:41:09+00:00","dateModified":"2021-04-02T17:52:54+00:00","mainEntityOfPage":{"@id":"http:\/\/tomavisual.com\/?p=271"},"wordCount":48,"commentCount":0,"publisher":{"@id":"http:\/\/tomavisual.com\/#\/schema\/person\/e598feabb9e86b7edf86d3b94820bc66"},"image":{"@id":"http:\/\/tomavisual.com\/?p=271#primaryimage"},"thumbnailUrl":"http:\/\/tomavisual.com\/wp-content\/uploads\/2021\/04\/portada-youtube.jpg","keywords":["mercadotecnia","spot publicitario","tmv","Tom\u00e1s Martin Villanueva","video de producto","video marketing"],"articleSection":["v\u00eddeo producto"],"inLanguage":"es","potentialAction":[{"@type":"CommentAction","name":"Comment","target":["http:\/\/tomavisual.com\/?p=271#respond"]}]},{"@type":"WebPage","@id":"http:\/\/tomavisual.com\/?p=271","url":"http:\/\/tomavisual.com\/?p=271","name":"Campa\u00f1a \"Qu\u00e9date en casa\" COVID - Tomavisual.com","isPartOf":{"@id":"http:\/\/tomavisual.com\/#website"},"primaryImageOfPage":{"@id":"http:\/\/tomavisual.com\/?p=271#primaryimage"},"image":{"@id":"http:\/\/tomavisual.com\/?p=271#primaryimage"},"thumbnailUrl":"http:\/\/tomavisual.com\/wp-content\/uploads\/2021\/04\/portada-youtube.jpg","datePublished":"2020-08-02T17:41:09+00:00","dateModified":"2021-04-02T17:52:54+00:00","breadcrumb":{"@id":"http:\/\/tomavisual.com\/?p=271#breadcrumb"},"inLanguage":"es","potentialAction":[{"@type":"ReadAction","target":["http:\/\/tomavisual.com\/?p=271"]}]},{"@type":"ImageObject","inLanguage":"es","@id":"http:\/\/tomavisual.com\/?p=271#primaryimage","url":"http:\/\/tomavisual.com\/wp-content\/uploads\/2021\/04\/portada-youtube.jpg","contentUrl":"http:\/\/tomavisual.com\/wp-content\/uploads\/2021\/04\/portada-youtube.jpg","width":1920,"height":1080,"caption":"Video marketing de producto"},{"@type":"BreadcrumbList","@id":"http:\/\/tomavisual.com\/?p=271#breadcrumb","itemListElement":[{"@type":"ListItem","position":1,"name":"Portada","item":"http:\/\/tomavisual.com\/"},{"@type":"ListItem","position":2,"name":"Campa\u00f1a \u00abQu\u00e9date en casa\u00bb COVID"}]},{"@type":"WebSite","@id":"http:\/\/tomavisual.com\/#website","url":"http:\/\/tomavisual.com\/","name":"Tomavisual.com","description":"Publicidad de producto","publisher":{"@id":"http:\/\/tomavisual.com\/#\/schema\/person\/e598feabb9e86b7edf86d3b94820bc66"},"potentialAction":[{"@type":"SearchAction","target":{"@type":"EntryPoint","urlTemplate":"http:\/\/tomavisual.com\/?s={search_term_string}"},"query-input":{"@type":"PropertyValueSpecification","valueRequired":true,"valueName":"search_term_string"}}],"inLanguage":"es"},{"@type":["Person","Organization"],"@id":"http:\/\/tomavisual.com\/#\/schema\/person\/e598feabb9e86b7edf86d3b94820bc66","name":"TMV","image":{"@type":"ImageObject","inLanguage":"es","@id":"http:\/\/tomavisual.com\/#\/schema\/person\/image\/","url":"http:\/\/tomavisual.com\/wp-content\/uploads\/2020\/03\/cropped-LOGO-TOMAVISUAL-negro-new-web-cuadrado-5.png","contentUrl":"http:\/\/tomavisual.com\/wp-content\/uploads\/2020\/03\/cropped-LOGO-TOMAVISUAL-negro-new-web-cuadrado-5.png","width":256,"height":262,"caption":"TMV"},"logo":{"@id":"http:\/\/tomavisual.com\/#\/schema\/person\/image\/"}}]}},"_links":{"self":[{"href":"http:\/\/tomavisual.com\/index.php?rest_route=\/wp\/v2\/posts\/271","targetHints":{"allow":["GET"]}}],"collection":[{"href":"http:\/\/tomavisual.com\/index.php?rest_route=\/wp\/v2\/posts"}],"about":[{"href":"http:\/\/tomavisual.com\/index.php?rest_route=\/wp\/v2\/types\/post"}],"author":[{"embeddable":true,"href":"http:\/\/tomavisual.com\/index.php?rest_route=\/wp\/v2\/users\/1"}],"replies":[{"embeddable":true,"href":"http:\/\/tomavisual.com\/index.php?rest_route=%2Fwp%2Fv2%2Fcomments&post=271"}],"version-history":[{"count":2,"href":"http:\/\/tomavisual.com\/index.php?rest_route=\/wp\/v2\/posts\/271\/revisions"}],"predecessor-version":[{"id":274,"href":"http:\/\/tomavisual.com\/index.php?rest_route=\/wp\/v2\/posts\/271\/revisions\/274"}],"wp:featuredmedia":[{"embeddable":true,"href":"http:\/\/tomavisual.com\/index.php?rest_route=\/wp\/v2\/media\/272"}],"wp:attachment":[{"href":"http:\/\/tomavisual.com\/index.php?rest_route=%2Fwp%2Fv2%2Fmedia&parent=271"}],"wp:term":[{"taxonomy":"category","embeddable":true,"href":"http:\/\/tomavisual.com\/index.php?rest_route=%2Fwp%2Fv2%2Fcategories&post=271"},{"taxonomy":"post_tag","embeddable":true,"href":"http:\/\/tomavisual.com\/index.php?rest_route=%2Fwp%2Fv2%2Ftags&post=271"}],"curies":[{"name":"wp","href":"https:\/\/api.w.org\/{rel}","templated":true}]}}